{"id":1302,"date":"2023-12-10T13:58:00","date_gmt":"2023-12-10T13:58:00","guid":{"rendered":"https:\/\/www.palazzomandurino.it\/?p=1302"},"modified":"2024-06-04T13:59:53","modified_gmt":"2024-06-04T13:59:53","slug":"concerto-live-2","status":"publish","type":"post","link":"https:\/\/www.palazzomandurino.it\/en\/concerto-live-2\/","title":{"rendered":"CONCERTO LIVE"},"content":{"rendered":"<p>Claudia Crabuzza in difesa di Violeta Parra e Massimo Donno in Homo Faber, omaggio a Fabrizio de Andr\u00e8. Il salone di Palazzo Mandurino aprir\u00e0 alle ore 17:00 e rimarr\u00e0 aperto fino a sera per chi desidera rimanere a degustare un calice di vino in compagnia o assaporare un aperitivo preparato dal nostro chef.<\/p>\n\n\n\n<figure class=\"wp-block-image size-full\"><img fetchpriority=\"high\" decoding=\"async\" width=\"512\" height=\"511\" src=\"https:\/\/www.palazzomandurino.it\/wp-content\/uploads\/2024\/06\/unnamed-21.png\" alt=\"\" class=\"wp-image-1284\" srcset=\"https:\/\/www.palazzomandurino.it\/wp-content\/uploads\/2024\/06\/unnamed-21.png 512w, https:\/\/www.palazzomandurino.it\/wp-content\/uploads\/2024\/06\/unnamed-21-300x300.png 300w, https:\/\/www.palazzomandurino.it\/wp-content\/uploads\/2024\/06\/unnamed-21-150x150.png 150w, https:\/\/www.palazzomandurino.it\/wp-content\/uploads\/2024\/06\/unnamed-21-12x12.png 12w, https:\/\/www.palazzomandurino.it\/wp-content\/uploads\/2024\/06\/unnamed-21-301x300.png 301w\" sizes=\"(max-width: 512px) 100vw, 512px\" \/><\/figure>","protected":false},"excerpt":{"rendered":"<p>Claudia Crabuzza in difesa di Violeta Parra e Massimo Donno in Homo Faber, omaggio a Fabrizio de Andr\u00e8. Il salone di Palazzo Mandurino aprir\u00e0 alle &hellip;<\/p>","protected":false},"author":1,"featured_media":1284,"comment_status":"closed","ping_status":"closed","sticky":false,"template":"","format":"standard","meta":{"footnotes":""},"categories":[10],"tags":[],"class_list":["post-1302","post","type-post","status-publish","format-standard","has-post-thumbnail","hentry","category-eventi-passati"],"_links":{"self":[{"href":"https:\/\/www.palazzomandurino.it\/en\/wp-json\/wp\/v2\/posts\/1302","targetHints":{"allow":["GET"]}}],"collection":[{"href":"https:\/\/www.palazzomandurino.it\/en\/wp-json\/wp\/v2\/posts"}],"about":[{"href":"https:\/\/www.palazzomandurino.it\/en\/wp-json\/wp\/v2\/types\/post"}],"author":[{"embeddable":true,"href":"https:\/\/www.palazzomandurino.it\/en\/wp-json\/wp\/v2\/users\/1"}],"replies":[{"embeddable":true,"href":"https:\/\/www.palazzomandurino.it\/en\/wp-json\/wp\/v2\/comments?post=1302"}],"version-history":[{"count":1,"href":"https:\/\/www.palazzomandurino.it\/en\/wp-json\/wp\/v2\/posts\/1302\/revisions"}],"predecessor-version":[{"id":1303,"href":"https:\/\/www.palazzomandurino.it\/en\/wp-json\/wp\/v2\/posts\/1302\/revisions\/1303"}],"wp:featuredmedia":[{"embeddable":true,"href":"https:\/\/www.palazzomandurino.it\/en\/wp-json\/wp\/v2\/media\/1284"}],"wp:attachment":[{"href":"https:\/\/www.palazzomandurino.it\/en\/wp-json\/wp\/v2\/media?parent=1302"}],"wp:term":[{"taxonomy":"category","embeddable":true,"href":"https:\/\/www.palazzomandurino.it\/en\/wp-json\/wp\/v2\/categories?post=1302"},{"taxonomy":"post_tag","embeddable":true,"href":"https:\/\/www.palazzomandurino.it\/en\/wp-json\/wp\/v2\/tags?post=1302"}],"curies":[{"name":"wp","href":"https:\/\/api.w.org\/{rel}","templated":true}]}}